{"id":1055,"date":"2023-01-27T11:35:56","date_gmt":"2023-01-27T10:35:56","guid":{"rendered":"https:\/\/panskasiejba.pl\/?p=1055"},"modified":"2023-01-27T11:35:56","modified_gmt":"2023-01-27T10:35:56","slug":"iv-niedziela-zwykla-rok-a","status":"publish","type":"post","link":"https:\/\/panskasiejba.pl\/?p=1055","title":{"rendered":"IV Niedziela Zwyk\u0142a, rok A"},"content":{"rendered":"\n<p>Boimy si\u0119 przeci\u0119tno\u015bci. Pragniemy, aby nasze \u017cycie mia\u0142o znaczenie, aby posiada\u0142o g\u0142\u0119bszy sens i warto\u015b\u0107. To pragnienie wielko\u015bci zosta\u0142o wpisane g\u0142\u0119boko w nasze serca i umys\u0142y, przez samego Stw\u00f3rc\u0119. Mo\u017cna powiedzie\u0107, \u017ce to Boska cz\u0105stka, kt\u00f3ra zosta\u0142a w nas po akcie stworzenia. To ona wo\u0142a o t\u0119 wielko\u015b\u0107, do kt\u00f3rej ka\u017cdego z nas przeznaczy\u0142 i powo\u0142a\u0142 B\u00f3g. Niestety w zrozumieniu i odczytaniu tego wewn\u0119trznego wezwania przeszkadza nam grzech i s\u0142abo\u015b\u0107. One zag\u0142uszaj\u0105 ten cichy Bo\u017cy g\u0142os, prowadz\u0105cy nas do prawdziwej wielko\u015bci, bycia dzie\u0107mi Bo\u017cymi. Powoduj\u0105, \u017ce poszukujemy zaspokojenia tego pragnienia, bycia wielkimi w spos\u00f3b \u015bwiatowy, tak jak podpowiadaj\u0105 nam wielcy tego \u015bwiata, wypromowane autorytety i wszelkiej ma\u015bci gwiazdy i gwiazdeczki. Najcz\u0119\u015bciej jest to propozycja kt\u00f3rej fundamentem jestem \u201eja sam\u201d i moje potrzeby, to co doczesne i materialne, co mog\u0119 zdoby\u0107 tu i teraz, co czyni mnie kim\u015b wa\u017cnym i wyj\u0105tkowym w oczach innych.<\/p>\n\n\n\n<p>To \u015bwiatowe poszukiwanie sensu, znaczenia dla tego co robimy i kim jeste\u015bmy, je\u015bli b\u0119dzie skoncentrowane wok\u00f3\u0142 nas samych, zawsze b\u0119dzie prowadzi\u0142o do tego co Pismo \u015awi\u0119te nazywa pych\u0105 tego \u015bwiata. Postaw\u0105, w kt\u00f3rej b\u0119dziemy chcieli sta\u0107 si\u0119 samowystarczalni, posiadaj\u0105cy kontrol\u0119 nad tym dok\u0105d zmierzamy i tym co chcemy osi\u0105gn\u0105\u0107. Zobaczmy, \u017ce taka postawa wcale nie musi towarzyszy\u0107 tylko ambicjom zwi\u0105zanym z tym co doczesne, ale mo\u017cemy si\u0119 kierowa\u0107 t\u0105 logik\u0105 r\u00f3wnie\u017c w zdobywaniu tego co nazywamy dobrami duchowymi.&nbsp;<\/p>\n\n\n\n<p>Dzisiejsza Liturgia S\u0142owa przestrzega nas przed tak\u0105 postaw\u0105, szukania wielko\u015bci wed\u0142ug propozycji, kt\u00f3r\u0105 daje nam \u015bwiat, kt\u00f3rego miar\u0105 jest sukces i powodzenie, bycie wa\u017cnym, z kt\u00f3rym inni b\u0119d\u0105 si\u0119 liczy\u0107. Pismo \u015awi\u0119te przypomina, \u017ce droga, kt\u00f3r\u0105 chce prowadzi\u0107 nas Jezus, to droga pokory. Droga niezwyk\u0142ego paradoksu, na kt\u00f3rej wielko\u015b\u0107 odnajduje si\u0119 , w uni\u017ceniu i ofiarnej mi\u0142o\u015bci, w zaparciu si\u0119 siebie i daru ze swojego \u017cycia. Paradoksu, kt\u00f3rego nie spos\u00f3b przyj\u0105\u0107 i zgodzi\u0107 si\u0119 na niego my\u015bl\u0105c kategoriami tylko \u017cycia doczesnego. Jako pierwszy w pe\u0142ni t\u0119 prawd\u0119 ukaza\u0142 Jezus. B\u00f3g &#8211; cz\u0142owiek zaprasza nas do kroczenia wraz z Nim t\u0105 drog\u0105 pokory. Ona jest kluczem i fundamentem otwarcia si\u0119 na dar Nowego \u017bycia.&nbsp;<\/p>\n\n\n\n<p>Jest to nie inaczej jak w\u0142a\u015bnie droga o\u015bmiu b\u0142ogos\u0142awie\u0144stw, kt\u00f3re nazywa si\u0119 r\u00f3wnie\u017c dekalogiem Nowego Testamentu. Prawa nie wyra\u017conego w zakazach, ale sposobie \u017cycia dla Boga, bycia darem. Do przyj\u0119cia takiego \u017cycia zaprasza nas B\u00f3g. Jego \u017ar\u00f3d\u0142o jest w \u0142asce, kt\u00f3ra nas uzdalnia do przekroczenia tego co w nas ma\u0142e i s\u0142abe, do stawania si\u0119 podobnym do Boga w Jego drodze. Drodze bycia cichym i pokornym sercem, zasmuconym grzechem, drodze sprawiedliwo\u015bci krzy\u017ca, na kt\u00f3rym ofiaruje siebie, nie dlatego \u017ce zas\u0142ugujemy, ale tylko dlatego, \u017ce nas kocha. Drodze bycia darem prawdziwej mi\u0142o\u015bci. Jest to droga wielko\u015bci, kt\u00f3ra zaczyna si\u0119 dla ka\u017cdego z nas dzisiaj, a ostatecznie b\u0119dzie naszym udzia\u0142em w &nbsp;Niebie.<\/p>\n","protected":false},"excerpt":{"rendered":"<p>Boimy si\u0119 przeci\u0119tno\u015bci. Pragniemy, aby nasze \u017cycie mia\u0142o znaczenie, aby posiada\u0142o g\u0142\u0119bszy sens i warto\u015b\u0107. To pragnienie wielko\u015bci<\/p>\n","protected":false},"author":1,"featured_media":1056,"comment_status":"open","ping_status":"open","sticky":false,"template":"","format":"standard","meta":{"footnotes":"","_links_to":"","_links_to_target":""},"categories":[4],"tags":[7],"class_list":["post-1055","post","type-post","status-publish","format-standard","has-post-thumbnail","hentry","category-komentarz","tag-komentarz"],"yoast_head":"<!-- This site is optimized with the Yoast SEO plugin v27.5 - https:\/\/yoast.com\/product\/yoast-seo-wordpress\/ -->\n<title>IV Niedziela Zwyk\u0142a, rok A -<\/title>\n<meta name=\"robots\" content=\"index, follow, max-snippet:-1, max-image-preview:large, max-video-preview:-1\" \/>\n<link rel=\"canonical\" href=\"https:\/\/panskasiejba.pl\/?p=1055\" \/>\n<meta property=\"og:locale\" content=\"pl_PL\" \/>\n<meta property=\"og:type\" content=\"article\" \/>\n<meta property=\"og:title\" content=\"IV Niedziela Zwyk\u0142a, rok A -\" \/>\n<meta property=\"og:description\" content=\"Boimy si\u0119 przeci\u0119tno\u015bci. Pragniemy, aby nasze \u017cycie mia\u0142o znaczenie, aby posiada\u0142o g\u0142\u0119bszy sens i warto\u015b\u0107. To pragnienie wielko\u015bci\" \/>\n<meta property=\"og:url\" content=\"https:\/\/panskasiejba.pl\/?p=1055\" \/>\n<meta property=\"article:publisher\" content=\"https:\/\/www.facebook.com\/profile.php?id=100063526942329\" \/>\n<meta property=\"article:published_time\" content=\"2023-01-27T10:35:56+00:00\" \/>\n<meta property=\"og:image\" content=\"https:\/\/panskasiejba.pl\/wp-content\/uploads\/2023\/01\/IV-Niedziela-zwykla-rok-A-scaled.jpg\" \/>\n\t<meta property=\"og:image:width\" content=\"2560\" \/>\n\t<meta property=\"og:image:height\" content=\"1707\" \/>\n\t<meta property=\"og:image:type\" content=\"image\/jpeg\" \/>\n<meta name=\"author\" content=\"Maciej Czapli\u0144ski\" \/>\n<meta name=\"twitter:card\" content=\"summary_large_image\" \/>\n<meta name=\"twitter:label1\" content=\"Napisane przez\" \/>\n\t<meta name=\"twitter:data1\" content=\"Maciej Czapli\u0144ski\" \/>\n\t<meta name=\"twitter:label2\" content=\"Szacowany czas czytania\" \/>\n\t<meta name=\"twitter:data2\" content=\"3 minuty\" \/>\n<script type=\"application\/ld+json\" class=\"yoast-schema-graph\">{\"@context\":\"https:\\\/\\\/schema.org\",\"@graph\":[{\"@type\":\"Article\",\"@id\":\"https:\\\/\\\/panskasiejba.pl\\\/?p=1055#article\",\"isPartOf\":{\"@id\":\"https:\\\/\\\/panskasiejba.pl\\\/?p=1055\"},\"author\":{\"name\":\"Maciej Czapli\u0144ski\",\"@id\":\"https:\\\/\\\/panskasiejba.pl\\\/#\\\/schema\\\/person\\\/d251747322296eabfaefdb981bf13cbd\"},\"headline\":\"IV Niedziela Zwyk\u0142a, rok A\",\"datePublished\":\"2023-01-27T10:35:56+00:00\",\"mainEntityOfPage\":{\"@id\":\"https:\\\/\\\/panskasiejba.pl\\\/?p=1055\"},\"wordCount\":549,\"commentCount\":0,\"publisher\":{\"@id\":\"https:\\\/\\\/panskasiejba.pl\\\/#organization\"},\"image\":{\"@id\":\"https:\\\/\\\/panskasiejba.pl\\\/?p=1055#primaryimage\"},\"thumbnailUrl\":\"https:\\\/\\\/panskasiejba.pl\\\/wp-content\\\/uploads\\\/2023\\\/01\\\/IV-Niedziela-zwykla-rok-A-scaled.jpg\",\"keywords\":[\"Komentarz\"],\"articleSection\":[\"Komentarz\"],\"inLanguage\":\"pl-PL\",\"potentialAction\":[{\"@type\":\"CommentAction\",\"name\":\"Comment\",\"target\":[\"https:\\\/\\\/panskasiejba.pl\\\/?p=1055#respond\"]}]},{\"@type\":\"WebPage\",\"@id\":\"https:\\\/\\\/panskasiejba.pl\\\/?p=1055\",\"url\":\"https:\\\/\\\/panskasiejba.pl\\\/?p=1055\",\"name\":\"IV Niedziela Zwyk\u0142a, rok A -\",\"isPartOf\":{\"@id\":\"https:\\\/\\\/panskasiejba.pl\\\/#website\"},\"primaryImageOfPage\":{\"@id\":\"https:\\\/\\\/panskasiejba.pl\\\/?p=1055#primaryimage\"},\"image\":{\"@id\":\"https:\\\/\\\/panskasiejba.pl\\\/?p=1055#primaryimage\"},\"thumbnailUrl\":\"https:\\\/\\\/panskasiejba.pl\\\/wp-content\\\/uploads\\\/2023\\\/01\\\/IV-Niedziela-zwykla-rok-A-scaled.jpg\",\"datePublished\":\"2023-01-27T10:35:56+00:00\",\"breadcrumb\":{\"@id\":\"https:\\\/\\\/panskasiejba.pl\\\/?p=1055#breadcrumb\"},\"inLanguage\":\"pl-PL\",\"potentialAction\":[{\"@type\":\"ReadAction\",\"target\":[\"https:\\\/\\\/panskasiejba.pl\\\/?p=1055\"]}]},{\"@type\":\"ImageObject\",\"inLanguage\":\"pl-PL\",\"@id\":\"https:\\\/\\\/panskasiejba.pl\\\/?p=1055#primaryimage\",\"url\":\"https:\\\/\\\/panskasiejba.pl\\\/wp-content\\\/uploads\\\/2023\\\/01\\\/IV-Niedziela-zwykla-rok-A-scaled.jpg\",\"contentUrl\":\"https:\\\/\\\/panskasiejba.pl\\\/wp-content\\\/uploads\\\/2023\\\/01\\\/IV-Niedziela-zwykla-rok-A-scaled.jpg\",\"width\":2560,\"height\":1707},{\"@type\":\"BreadcrumbList\",\"@id\":\"https:\\\/\\\/panskasiejba.pl\\\/?p=1055#breadcrumb\",\"itemListElement\":[{\"@type\":\"ListItem\",\"position\":1,\"name\":\"Home\",\"item\":\"https:\\\/\\\/panskasiejba.pl\\\/\"},{\"@type\":\"ListItem\",\"position\":2,\"name\":\"IV Niedziela Zwyk\u0142a, rok A\"}]},{\"@type\":\"WebSite\",\"@id\":\"https:\\\/\\\/panskasiejba.pl\\\/#website\",\"url\":\"https:\\\/\\\/panskasiejba.pl\\\/\",\"name\":\"\",\"description\":\"\",\"publisher\":{\"@id\":\"https:\\\/\\\/panskasiejba.pl\\\/#organization\"},\"potentialAction\":[{\"@type\":\"SearchAction\",\"target\":{\"@type\":\"EntryPoint\",\"urlTemplate\":\"https:\\\/\\\/panskasiejba.pl\\\/?s={search_term_string}\"},\"query-input\":{\"@type\":\"PropertyValueSpecification\",\"valueRequired\":true,\"valueName\":\"search_term_string\"}}],\"inLanguage\":\"pl-PL\"},{\"@type\":\"Organization\",\"@id\":\"https:\\\/\\\/panskasiejba.pl\\\/#organization\",\"name\":\"Pa\u0144ska Siejba\",\"url\":\"https:\\\/\\\/panskasiejba.pl\\\/\",\"logo\":{\"@type\":\"ImageObject\",\"inLanguage\":\"pl-PL\",\"@id\":\"https:\\\/\\\/panskasiejba.pl\\\/#\\\/schema\\\/logo\\\/image\\\/\",\"url\":\"https:\\\/\\\/panskasiejba.pl\\\/wp-content\\\/uploads\\\/2021\\\/08\\\/cropped-nowe-logo-pelne-2.png\",\"contentUrl\":\"https:\\\/\\\/panskasiejba.pl\\\/wp-content\\\/uploads\\\/2021\\\/08\\\/cropped-nowe-logo-pelne-2.png\",\"width\":2023,\"height\":945,\"caption\":\"Pa\u0144ska Siejba\"},\"image\":{\"@id\":\"https:\\\/\\\/panskasiejba.pl\\\/#\\\/schema\\\/logo\\\/image\\\/\"},\"sameAs\":[\"https:\\\/\\\/www.facebook.com\\\/profile.php?id=100063526942329\"]},{\"@type\":\"Person\",\"@id\":\"https:\\\/\\\/panskasiejba.pl\\\/#\\\/schema\\\/person\\\/d251747322296eabfaefdb981bf13cbd\",\"name\":\"Maciej Czapli\u0144ski\",\"image\":{\"@type\":\"ImageObject\",\"inLanguage\":\"pl-PL\",\"@id\":\"https:\\\/\\\/secure.gravatar.com\\\/avatar\\\/06e73d054e765aafc9309a2363f3c30590d0a7ab2881b0d692041602ab2c5c54?s=96&d=mm&r=g\",\"url\":\"https:\\\/\\\/secure.gravatar.com\\\/avatar\\\/06e73d054e765aafc9309a2363f3c30590d0a7ab2881b0d692041602ab2c5c54?s=96&d=mm&r=g\",\"contentUrl\":\"https:\\\/\\\/secure.gravatar.com\\\/avatar\\\/06e73d054e765aafc9309a2363f3c30590d0a7ab2881b0d692041602ab2c5c54?s=96&d=mm&r=g\",\"caption\":\"Maciej Czapli\u0144ski\"},\"sameAs\":[\"http:\\\/\\\/serwer2170834.home.pl\"],\"url\":\"https:\\\/\\\/panskasiejba.pl\\\/?author=1\"}]}<\/script>\n<!-- \/ Yoast SEO plugin. -->","yoast_head_json":{"title":"IV Niedziela Zwyk\u0142a, rok A -","robots":{"index":"index","follow":"follow","max-snippet":"max-snippet:-1","max-image-preview":"max-image-preview:large","max-video-preview":"max-video-preview:-1"},"canonical":"https:\/\/panskasiejba.pl\/?p=1055","og_locale":"pl_PL","og_type":"article","og_title":"IV Niedziela Zwyk\u0142a, rok A -","og_description":"Boimy si\u0119 przeci\u0119tno\u015bci. Pragniemy, aby nasze \u017cycie mia\u0142o znaczenie, aby posiada\u0142o g\u0142\u0119bszy sens i warto\u015b\u0107. To pragnienie wielko\u015bci","og_url":"https:\/\/panskasiejba.pl\/?p=1055","article_publisher":"https:\/\/www.facebook.com\/profile.php?id=100063526942329","article_published_time":"2023-01-27T10:35:56+00:00","og_image":[{"width":2560,"height":1707,"url":"https:\/\/panskasiejba.pl\/wp-content\/uploads\/2023\/01\/IV-Niedziela-zwykla-rok-A-scaled.jpg","type":"image\/jpeg"}],"author":"Maciej Czapli\u0144ski","twitter_card":"summary_large_image","twitter_misc":{"Napisane przez":"Maciej Czapli\u0144ski","Szacowany czas czytania":"3 minuty"},"schema":{"@context":"https:\/\/schema.org","@graph":[{"@type":"Article","@id":"https:\/\/panskasiejba.pl\/?p=1055#article","isPartOf":{"@id":"https:\/\/panskasiejba.pl\/?p=1055"},"author":{"name":"Maciej Czapli\u0144ski","@id":"https:\/\/panskasiejba.pl\/#\/schema\/person\/d251747322296eabfaefdb981bf13cbd"},"headline":"IV Niedziela Zwyk\u0142a, rok A","datePublished":"2023-01-27T10:35:56+00:00","mainEntityOfPage":{"@id":"https:\/\/panskasiejba.pl\/?p=1055"},"wordCount":549,"commentCount":0,"publisher":{"@id":"https:\/\/panskasiejba.pl\/#organization"},"image":{"@id":"https:\/\/panskasiejba.pl\/?p=1055#primaryimage"},"thumbnailUrl":"https:\/\/panskasiejba.pl\/wp-content\/uploads\/2023\/01\/IV-Niedziela-zwykla-rok-A-scaled.jpg","keywords":["Komentarz"],"articleSection":["Komentarz"],"inLanguage":"pl-PL","potentialAction":[{"@type":"CommentAction","name":"Comment","target":["https:\/\/panskasiejba.pl\/?p=1055#respond"]}]},{"@type":"WebPage","@id":"https:\/\/panskasiejba.pl\/?p=1055","url":"https:\/\/panskasiejba.pl\/?p=1055","name":"IV Niedziela Zwyk\u0142a, rok A -","isPartOf":{"@id":"https:\/\/panskasiejba.pl\/#website"},"primaryImageOfPage":{"@id":"https:\/\/panskasiejba.pl\/?p=1055#primaryimage"},"image":{"@id":"https:\/\/panskasiejba.pl\/?p=1055#primaryimage"},"thumbnailUrl":"https:\/\/panskasiejba.pl\/wp-content\/uploads\/2023\/01\/IV-Niedziela-zwykla-rok-A-scaled.jpg","datePublished":"2023-01-27T10:35:56+00:00","breadcrumb":{"@id":"https:\/\/panskasiejba.pl\/?p=1055#breadcrumb"},"inLanguage":"pl-PL","potentialAction":[{"@type":"ReadAction","target":["https:\/\/panskasiejba.pl\/?p=1055"]}]},{"@type":"ImageObject","inLanguage":"pl-PL","@id":"https:\/\/panskasiejba.pl\/?p=1055#primaryimage","url":"https:\/\/panskasiejba.pl\/wp-content\/uploads\/2023\/01\/IV-Niedziela-zwykla-rok-A-scaled.jpg","contentUrl":"https:\/\/panskasiejba.pl\/wp-content\/uploads\/2023\/01\/IV-Niedziela-zwykla-rok-A-scaled.jpg","width":2560,"height":1707},{"@type":"BreadcrumbList","@id":"https:\/\/panskasiejba.pl\/?p=1055#breadcrumb","itemListElement":[{"@type":"ListItem","position":1,"name":"Home","item":"https:\/\/panskasiejba.pl\/"},{"@type":"ListItem","position":2,"name":"IV Niedziela Zwyk\u0142a, rok A"}]},{"@type":"WebSite","@id":"https:\/\/panskasiejba.pl\/#website","url":"https:\/\/panskasiejba.pl\/","name":"","description":"","publisher":{"@id":"https:\/\/panskasiejba.pl\/#organization"},"potentialAction":[{"@type":"SearchAction","target":{"@type":"EntryPoint","urlTemplate":"https:\/\/panskasiejba.pl\/?s={search_term_string}"},"query-input":{"@type":"PropertyValueSpecification","valueRequired":true,"valueName":"search_term_string"}}],"inLanguage":"pl-PL"},{"@type":"Organization","@id":"https:\/\/panskasiejba.pl\/#organization","name":"Pa\u0144ska Siejba","url":"https:\/\/panskasiejba.pl\/","logo":{"@type":"ImageObject","inLanguage":"pl-PL","@id":"https:\/\/panskasiejba.pl\/#\/schema\/logo\/image\/","url":"https:\/\/panskasiejba.pl\/wp-content\/uploads\/2021\/08\/cropped-nowe-logo-pelne-2.png","contentUrl":"https:\/\/panskasiejba.pl\/wp-content\/uploads\/2021\/08\/cropped-nowe-logo-pelne-2.png","width":2023,"height":945,"caption":"Pa\u0144ska Siejba"},"image":{"@id":"https:\/\/panskasiejba.pl\/#\/schema\/logo\/image\/"},"sameAs":["https:\/\/www.facebook.com\/profile.php?id=100063526942329"]},{"@type":"Person","@id":"https:\/\/panskasiejba.pl\/#\/schema\/person\/d251747322296eabfaefdb981bf13cbd","name":"Maciej Czapli\u0144ski","image":{"@type":"ImageObject","inLanguage":"pl-PL","@id":"https:\/\/secure.gravatar.com\/avatar\/06e73d054e765aafc9309a2363f3c30590d0a7ab2881b0d692041602ab2c5c54?s=96&d=mm&r=g","url":"https:\/\/secure.gravatar.com\/avatar\/06e73d054e765aafc9309a2363f3c30590d0a7ab2881b0d692041602ab2c5c54?s=96&d=mm&r=g","contentUrl":"https:\/\/secure.gravatar.com\/avatar\/06e73d054e765aafc9309a2363f3c30590d0a7ab2881b0d692041602ab2c5c54?s=96&d=mm&r=g","caption":"Maciej Czapli\u0144ski"},"sameAs":["http:\/\/serwer2170834.home.pl"],"url":"https:\/\/panskasiejba.pl\/?author=1"}]}},"_links":{"self":[{"href":"https:\/\/panskasiejba.pl\/index.php?rest_route=\/wp\/v2\/posts\/1055","targetHints":{"allow":["GET"]}}],"collection":[{"href":"https:\/\/panskasiejba.pl\/index.php?rest_route=\/wp\/v2\/posts"}],"about":[{"href":"https:\/\/panskasiejba.pl\/index.php?rest_route=\/wp\/v2\/types\/post"}],"author":[{"embeddable":true,"href":"https:\/\/panskasiejba.pl\/index.php?rest_route=\/wp\/v2\/users\/1"}],"replies":[{"embeddable":true,"href":"https:\/\/panskasiejba.pl\/index.php?rest_route=%2Fwp%2Fv2%2Fcomments&post=1055"}],"version-history":[{"count":1,"href":"https:\/\/panskasiejba.pl\/index.php?rest_route=\/wp\/v2\/posts\/1055\/revisions"}],"predecessor-version":[{"id":1057,"href":"https:\/\/panskasiejba.pl\/index.php?rest_route=\/wp\/v2\/posts\/1055\/revisions\/1057"}],"wp:featuredmedia":[{"embeddable":true,"href":"https:\/\/panskasiejba.pl\/index.php?rest_route=\/wp\/v2\/media\/1056"}],"wp:attachment":[{"href":"https:\/\/panskasiejba.pl\/index.php?rest_route=%2Fwp%2Fv2%2Fmedia&parent=1055"}],"wp:term":[{"taxonomy":"category","embeddable":true,"href":"https:\/\/panskasiejba.pl\/index.php?rest_route=%2Fwp%2Fv2%2Fcategories&post=1055"},{"taxonomy":"post_tag","embeddable":true,"href":"https:\/\/panskasiejba.pl\/index.php?rest_route=%2Fwp%2Fv2%2Ftags&post=1055"}],"curies":[{"name":"wp","href":"https:\/\/api.w.org\/{rel}","templated":true}]}}