{"id":1895,"date":"2024-11-06T10:32:45","date_gmt":"2024-11-06T09:32:45","guid":{"rendered":"https:\/\/panskasiejba.pl\/?p=1895"},"modified":"2024-11-06T10:32:46","modified_gmt":"2024-11-06T09:32:46","slug":"xxxii-niedziela-zwykla-rok-b","status":"publish","type":"post","link":"https:\/\/panskasiejba.pl\/?p=1895","title":{"rendered":"XXXII Niedziela Zwyk\u0142a, rok B"},"content":{"rendered":"\n<p>Ja\u0142mu\u017cna kojarzy si\u0119 nam cz\u0119sto z czym\u015b danym z \u0142aski. Tak rozumian\u0105 ja\u0142mu\u017cn\u0119 nie wiele os\u00f3b chcia\u0142oby otrzymywa\u0107, co innego zapomog\u0119, pomoc, wsparcie, okresow\u0105 po\u017cyczk\u0119, ale nie ja\u0142mu\u017cn\u0119. Zagubili\u015bmy gdzie\u015b g\u0142\u0119bie znaczenia tego s\u0142owa i warto\u015bci jakie niesie. Znaczenia, kt\u00f3re jest g\u0142\u0119boko wpisane w drog\u0119 wiary. Ja\u0142mu\u017cna w\u0142a\u015bnie tym r\u00f3\u017cni si\u0119 od wielu innych propozycji pomocy, \u017ce jest podejmowana ze wzgl\u0119du na Boga, nasz\u0105 relacj\u0119 z Nim. Jest wyrazem mi\u0142o\u015bci do Boga i bli\u017aniego, kt\u00f3rego On stawia na drodze naszego \u017cycia. Jest owocem wiary, oczyszczaj\u0105cym nasze intencje i rodz\u0105cym w nas g\u0142\u0119bsze spojrzenie na to co w \u017cyciu jest najwa\u017cniejsze.<\/p>\n\n\n\n<p>Dwie postawy, jakie Chrystus ukazuje w dzisiejszej Ewangelii ods\u0142aniaj\u0105 prawd\u0119 o nas samych i stawiaj\u0105 pytania: Na ile potrafi\u0119 si\u0119 dzieli\u0107? Czym jest m\u00f3j dar dla innych? W jaki spos\u00f3b i dlaczego go daj\u0119?<\/p>\n\n\n\n<p>Jeste\u015bmy coraz bogatsi, coraz wi\u0119cej posiadamy rzeczy, kt\u00f3re nie s\u0105 konieczne. Rzeczy, kt\u00f3re jeste\u015bmy gotowi odda\u0107, bo nie s\u0105 nam ju\u017c potrzebne, a mog\u0105 przyda\u0107 si\u0119 innym. Czy jednak taka postawa wystarczy, aby zas\u0142u\u017cy\u0107 na pochwa\u0142\u0119 Jezusa, podobn\u0105 do tej jak\u0105 otrzyma\u0142a uboga wdowa? Czy dzielenie si\u0119 tym, co posiadamy wystarczy, aby\u015bmy staj\u0105c przed Jezusem, mogli si\u0119 rozliczy\u0107 z zarz\u0105du dobrami tego \u015bwiata? I wreszcie, czy wszystko co posiadamy jest bezwzgl\u0119dnie tylko nasz\u0105 w\u0142asno\u015bci\u0105? Pewne jest to, \u017ce nic z tego nie we\u017amiemy ze sob\u0105 za pr\u00f3g \u015bmierci. Posiadanie przez nas d\u00f3br materialnych jest przemijaj\u0105ce i kruche. Bardzo nie wiele potrzeba, aby je utraci\u0107. Wiele jest zdarze\u0144, kt\u00f3re mog\u0105 nam je odebra\u0107.&nbsp;Wystarczy choroba, aby straci\u0142y one na znaczeniu.<\/p>\n\n\n\n<p>Zrozumienie prawdy, \u017ce nie jeste\u015bmy posiadaczami rzeczy tego \u015bwiata, ale jedynie s\u0105 one nam powierzone w zarz\u0105d, daje prawdziw\u0105 wolno\u015b\u0107 i pozwala, tak naprawd\u0119 \u015bwiadomie uczestniczy\u0107 w darze ja\u0142mu\u017cny, ofiarowywa\u0107 j\u0105 w spos\u00f3b w\u0142a\u015bciwy, zawsze w postawie pokory. Bo prawdziwa ja\u0142mu\u017cna cz\u0119sto jest wi\u0119kszym darem dla tego, kt\u00f3ry j\u0105 daje, ni\u017c&nbsp; dla osoby j\u0105 przyjmuj\u0105cej. Prawdziwa ja\u0142mu\u017cna jest owocem g\u0142\u0119bokiej i niek\u0142amanej mi\u0142o\u015bci. Rodzi si\u0119 w sercu pragn\u0105cym dobra dla drugiego cz\u0142owieka, nawet w jakim\u015b wymiarze podejmuj\u0105c je kosztem w\u0142asnego. Mi\u0142o\u015b\u0107 nigdy nie mo\u017ce by\u0107 dana z \u0142aski, nigdy nie mo\u017ce by\u0107 tym, co zbywa.&nbsp;Tylko wtedy, kiedy b\u0119dziemy mieli odwag\u0119 odda\u0107 to co jest dla nas wa\u017cne, to co stanowi warto\u015b\u0107, to z czego trudno nam zrezygnowa\u0107, wtedy nasz dar mo\u017ce stawa\u0107 si\u0119 znakiem prawdziwej mi\u0142o\u015bci. Darem mi\u0142osierdzia, kt\u00f3re zakrywa grzech i s\u0142abo\u015bci nasze i innych. Przywracaj\u0105c nam i bli\u017anim godno\u015b\u0107 Dzieci Bo\u017cych.<\/p>\n","protected":false},"excerpt":{"rendered":"<p>Ja\u0142mu\u017cna kojarzy si\u0119 nam cz\u0119sto z czym\u015b danym z \u0142aski. Tak rozumian\u0105 ja\u0142mu\u017cn\u0119 nie wiele os\u00f3b chcia\u0142oby otrzymywa\u0107,<\/p>\n","protected":false},"author":1,"featured_media":1896,"comment_status":"open","ping_status":"open","sticky":false,"template":"","format":"standard","meta":{"footnotes":"","_links_to":"","_links_to_target":""},"categories":[4],"tags":[7],"class_list":["post-1895","post","type-post","status-publish","format-standard","has-post-thumbnail","hentry","category-komentarz","tag-komentarz"],"yoast_head":"<!-- This site is optimized with the Yoast SEO plugin v27.4 - https:\/\/yoast.com\/product\/yoast-seo-wordpress\/ -->\n<title>XXXII Niedziela Zwyk\u0142a, rok B -<\/title>\n<meta name=\"robots\" content=\"index, follow, max-snippet:-1, max-image-preview:large, max-video-preview:-1\" \/>\n<link rel=\"canonical\" href=\"https:\/\/panskasiejba.pl\/?p=1895\" \/>\n<meta property=\"og:locale\" content=\"pl_PL\" \/>\n<meta property=\"og:type\" content=\"article\" \/>\n<meta property=\"og:title\" content=\"XXXII Niedziela Zwyk\u0142a, rok B -\" \/>\n<meta property=\"og:description\" content=\"Ja\u0142mu\u017cna kojarzy si\u0119 nam cz\u0119sto z czym\u015b danym z \u0142aski. Tak rozumian\u0105 ja\u0142mu\u017cn\u0119 nie wiele os\u00f3b chcia\u0142oby otrzymywa\u0107,\" \/>\n<meta property=\"og:url\" content=\"https:\/\/panskasiejba.pl\/?p=1895\" \/>\n<meta property=\"article:publisher\" content=\"https:\/\/www.facebook.com\/profile.php?id=100063526942329\" \/>\n<meta property=\"article:published_time\" content=\"2024-11-06T09:32:45+00:00\" \/>\n<meta property=\"article:modified_time\" content=\"2024-11-06T09:32:46+00:00\" \/>\n<meta property=\"og:image\" content=\"https:\/\/panskasiejba.pl\/wp-content\/uploads\/2024\/11\/XXXII-Niedz-zw-rok-B-scaled.jpg\" \/>\n\t<meta property=\"og:image:width\" content=\"2560\" \/>\n\t<meta property=\"og:image:height\" content=\"1707\" \/>\n\t<meta property=\"og:image:type\" content=\"image\/jpeg\" \/>\n<meta name=\"author\" content=\"Maciej Czapli\u0144ski\" \/>\n<meta name=\"twitter:card\" content=\"summary_large_image\" \/>\n<meta name=\"twitter:label1\" content=\"Napisane przez\" \/>\n\t<meta name=\"twitter:data1\" content=\"Maciej Czapli\u0144ski\" \/>\n\t<meta name=\"twitter:label2\" content=\"Szacowany czas czytania\" \/>\n\t<meta name=\"twitter:data2\" content=\"3 minuty\" \/>\n<script type=\"application\/ld+json\" class=\"yoast-schema-graph\">{\"@context\":\"https:\\\/\\\/schema.org\",\"@graph\":[{\"@type\":\"Article\",\"@id\":\"https:\\\/\\\/panskasiejba.pl\\\/?p=1895#article\",\"isPartOf\":{\"@id\":\"https:\\\/\\\/panskasiejba.pl\\\/?p=1895\"},\"author\":{\"name\":\"Maciej Czapli\u0144ski\",\"@id\":\"https:\\\/\\\/panskasiejba.pl\\\/#\\\/schema\\\/person\\\/d251747322296eabfaefdb981bf13cbd\"},\"headline\":\"XXXII Niedziela Zwyk\u0142a, rok B\",\"datePublished\":\"2024-11-06T09:32:45+00:00\",\"dateModified\":\"2024-11-06T09:32:46+00:00\",\"mainEntityOfPage\":{\"@id\":\"https:\\\/\\\/panskasiejba.pl\\\/?p=1895\"},\"wordCount\":497,\"commentCount\":0,\"publisher\":{\"@id\":\"https:\\\/\\\/panskasiejba.pl\\\/#organization\"},\"image\":{\"@id\":\"https:\\\/\\\/panskasiejba.pl\\\/?p=1895#primaryimage\"},\"thumbnailUrl\":\"https:\\\/\\\/panskasiejba.pl\\\/wp-content\\\/uploads\\\/2024\\\/11\\\/XXXII-Niedz-zw-rok-B-scaled.jpg\",\"keywords\":[\"Komentarz\"],\"articleSection\":[\"Komentarz\"],\"inLanguage\":\"pl-PL\",\"potentialAction\":[{\"@type\":\"CommentAction\",\"name\":\"Comment\",\"target\":[\"https:\\\/\\\/panskasiejba.pl\\\/?p=1895#respond\"]}]},{\"@type\":\"WebPage\",\"@id\":\"https:\\\/\\\/panskasiejba.pl\\\/?p=1895\",\"url\":\"https:\\\/\\\/panskasiejba.pl\\\/?p=1895\",\"name\":\"XXXII Niedziela Zwyk\u0142a, rok B -\",\"isPartOf\":{\"@id\":\"https:\\\/\\\/panskasiejba.pl\\\/#website\"},\"primaryImageOfPage\":{\"@id\":\"https:\\\/\\\/panskasiejba.pl\\\/?p=1895#primaryimage\"},\"image\":{\"@id\":\"https:\\\/\\\/panskasiejba.pl\\\/?p=1895#primaryimage\"},\"thumbnailUrl\":\"https:\\\/\\\/panskasiejba.pl\\\/wp-content\\\/uploads\\\/2024\\\/11\\\/XXXII-Niedz-zw-rok-B-scaled.jpg\",\"datePublished\":\"2024-11-06T09:32:45+00:00\",\"dateModified\":\"2024-11-06T09:32:46+00:00\",\"breadcrumb\":{\"@id\":\"https:\\\/\\\/panskasiejba.pl\\\/?p=1895#breadcrumb\"},\"inLanguage\":\"pl-PL\",\"potentialAction\":[{\"@type\":\"ReadAction\",\"target\":[\"https:\\\/\\\/panskasiejba.pl\\\/?p=1895\"]}]},{\"@type\":\"ImageObject\",\"inLanguage\":\"pl-PL\",\"@id\":\"https:\\\/\\\/panskasiejba.pl\\\/?p=1895#primaryimage\",\"url\":\"https:\\\/\\\/panskasiejba.pl\\\/wp-content\\\/uploads\\\/2024\\\/11\\\/XXXII-Niedz-zw-rok-B-scaled.jpg\",\"contentUrl\":\"https:\\\/\\\/panskasiejba.pl\\\/wp-content\\\/uploads\\\/2024\\\/11\\\/XXXII-Niedz-zw-rok-B-scaled.jpg\",\"width\":2560,\"height\":1707},{\"@type\":\"BreadcrumbList\",\"@id\":\"https:\\\/\\\/panskasiejba.pl\\\/?p=1895#breadcrumb\",\"itemListElement\":[{\"@type\":\"ListItem\",\"position\":1,\"name\":\"Home\",\"item\":\"https:\\\/\\\/panskasiejba.pl\\\/\"},{\"@type\":\"ListItem\",\"position\":2,\"name\":\"XXXII Niedziela Zwyk\u0142a, rok B\"}]},{\"@type\":\"WebSite\",\"@id\":\"https:\\\/\\\/panskasiejba.pl\\\/#website\",\"url\":\"https:\\\/\\\/panskasiejba.pl\\\/\",\"name\":\"\",\"description\":\"\",\"publisher\":{\"@id\":\"https:\\\/\\\/panskasiejba.pl\\\/#organization\"},\"potentialAction\":[{\"@type\":\"SearchAction\",\"target\":{\"@type\":\"EntryPoint\",\"urlTemplate\":\"https:\\\/\\\/panskasiejba.pl\\\/?s={search_term_string}\"},\"query-input\":{\"@type\":\"PropertyValueSpecification\",\"valueRequired\":true,\"valueName\":\"search_term_string\"}}],\"inLanguage\":\"pl-PL\"},{\"@type\":\"Organization\",\"@id\":\"https:\\\/\\\/panskasiejba.pl\\\/#organization\",\"name\":\"Pa\u0144ska Siejba\",\"url\":\"https:\\\/\\\/panskasiejba.pl\\\/\",\"logo\":{\"@type\":\"ImageObject\",\"inLanguage\":\"pl-PL\",\"@id\":\"https:\\\/\\\/panskasiejba.pl\\\/#\\\/schema\\\/logo\\\/image\\\/\",\"url\":\"https:\\\/\\\/panskasiejba.pl\\\/wp-content\\\/uploads\\\/2021\\\/08\\\/cropped-nowe-logo-pelne-2.png\",\"contentUrl\":\"https:\\\/\\\/panskasiejba.pl\\\/wp-content\\\/uploads\\\/2021\\\/08\\\/cropped-nowe-logo-pelne-2.png\",\"width\":2023,\"height\":945,\"caption\":\"Pa\u0144ska Siejba\"},\"image\":{\"@id\":\"https:\\\/\\\/panskasiejba.pl\\\/#\\\/schema\\\/logo\\\/image\\\/\"},\"sameAs\":[\"https:\\\/\\\/www.facebook.com\\\/profile.php?id=100063526942329\"]},{\"@type\":\"Person\",\"@id\":\"https:\\\/\\\/panskasiejba.pl\\\/#\\\/schema\\\/person\\\/d251747322296eabfaefdb981bf13cbd\",\"name\":\"Maciej Czapli\u0144ski\",\"image\":{\"@type\":\"ImageObject\",\"inLanguage\":\"pl-PL\",\"@id\":\"https:\\\/\\\/secure.gravatar.com\\\/avatar\\\/06e73d054e765aafc9309a2363f3c30590d0a7ab2881b0d692041602ab2c5c54?s=96&d=mm&r=g\",\"url\":\"https:\\\/\\\/secure.gravatar.com\\\/avatar\\\/06e73d054e765aafc9309a2363f3c30590d0a7ab2881b0d692041602ab2c5c54?s=96&d=mm&r=g\",\"contentUrl\":\"https:\\\/\\\/secure.gravatar.com\\\/avatar\\\/06e73d054e765aafc9309a2363f3c30590d0a7ab2881b0d692041602ab2c5c54?s=96&d=mm&r=g\",\"caption\":\"Maciej Czapli\u0144ski\"},\"sameAs\":[\"http:\\\/\\\/serwer2170834.home.pl\"],\"url\":\"https:\\\/\\\/panskasiejba.pl\\\/?author=1\"}]}<\/script>\n<!-- \/ Yoast SEO plugin. -->","yoast_head_json":{"title":"XXXII Niedziela Zwyk\u0142a, rok B -","robots":{"index":"index","follow":"follow","max-snippet":"max-snippet:-1","max-image-preview":"max-image-preview:large","max-video-preview":"max-video-preview:-1"},"canonical":"https:\/\/panskasiejba.pl\/?p=1895","og_locale":"pl_PL","og_type":"article","og_title":"XXXII Niedziela Zwyk\u0142a, rok B -","og_description":"Ja\u0142mu\u017cna kojarzy si\u0119 nam cz\u0119sto z czym\u015b danym z \u0142aski. Tak rozumian\u0105 ja\u0142mu\u017cn\u0119 nie wiele os\u00f3b chcia\u0142oby otrzymywa\u0107,","og_url":"https:\/\/panskasiejba.pl\/?p=1895","article_publisher":"https:\/\/www.facebook.com\/profile.php?id=100063526942329","article_published_time":"2024-11-06T09:32:45+00:00","article_modified_time":"2024-11-06T09:32:46+00:00","og_image":[{"width":2560,"height":1707,"url":"https:\/\/panskasiejba.pl\/wp-content\/uploads\/2024\/11\/XXXII-Niedz-zw-rok-B-scaled.jpg","type":"image\/jpeg"}],"author":"Maciej Czapli\u0144ski","twitter_card":"summary_large_image","twitter_misc":{"Napisane przez":"Maciej Czapli\u0144ski","Szacowany czas czytania":"3 minuty"},"schema":{"@context":"https:\/\/schema.org","@graph":[{"@type":"Article","@id":"https:\/\/panskasiejba.pl\/?p=1895#article","isPartOf":{"@id":"https:\/\/panskasiejba.pl\/?p=1895"},"author":{"name":"Maciej Czapli\u0144ski","@id":"https:\/\/panskasiejba.pl\/#\/schema\/person\/d251747322296eabfaefdb981bf13cbd"},"headline":"XXXII Niedziela Zwyk\u0142a, rok B","datePublished":"2024-11-06T09:32:45+00:00","dateModified":"2024-11-06T09:32:46+00:00","mainEntityOfPage":{"@id":"https:\/\/panskasiejba.pl\/?p=1895"},"wordCount":497,"commentCount":0,"publisher":{"@id":"https:\/\/panskasiejba.pl\/#organization"},"image":{"@id":"https:\/\/panskasiejba.pl\/?p=1895#primaryimage"},"thumbnailUrl":"https:\/\/panskasiejba.pl\/wp-content\/uploads\/2024\/11\/XXXII-Niedz-zw-rok-B-scaled.jpg","keywords":["Komentarz"],"articleSection":["Komentarz"],"inLanguage":"pl-PL","potentialAction":[{"@type":"CommentAction","name":"Comment","target":["https:\/\/panskasiejba.pl\/?p=1895#respond"]}]},{"@type":"WebPage","@id":"https:\/\/panskasiejba.pl\/?p=1895","url":"https:\/\/panskasiejba.pl\/?p=1895","name":"XXXII Niedziela Zwyk\u0142a, rok B -","isPartOf":{"@id":"https:\/\/panskasiejba.pl\/#website"},"primaryImageOfPage":{"@id":"https:\/\/panskasiejba.pl\/?p=1895#primaryimage"},"image":{"@id":"https:\/\/panskasiejba.pl\/?p=1895#primaryimage"},"thumbnailUrl":"https:\/\/panskasiejba.pl\/wp-content\/uploads\/2024\/11\/XXXII-Niedz-zw-rok-B-scaled.jpg","datePublished":"2024-11-06T09:32:45+00:00","dateModified":"2024-11-06T09:32:46+00:00","breadcrumb":{"@id":"https:\/\/panskasiejba.pl\/?p=1895#breadcrumb"},"inLanguage":"pl-PL","potentialAction":[{"@type":"ReadAction","target":["https:\/\/panskasiejba.pl\/?p=1895"]}]},{"@type":"ImageObject","inLanguage":"pl-PL","@id":"https:\/\/panskasiejba.pl\/?p=1895#primaryimage","url":"https:\/\/panskasiejba.pl\/wp-content\/uploads\/2024\/11\/XXXII-Niedz-zw-rok-B-scaled.jpg","contentUrl":"https:\/\/panskasiejba.pl\/wp-content\/uploads\/2024\/11\/XXXII-Niedz-zw-rok-B-scaled.jpg","width":2560,"height":1707},{"@type":"BreadcrumbList","@id":"https:\/\/panskasiejba.pl\/?p=1895#breadcrumb","itemListElement":[{"@type":"ListItem","position":1,"name":"Home","item":"https:\/\/panskasiejba.pl\/"},{"@type":"ListItem","position":2,"name":"XXXII Niedziela Zwyk\u0142a, rok B"}]},{"@type":"WebSite","@id":"https:\/\/panskasiejba.pl\/#website","url":"https:\/\/panskasiejba.pl\/","name":"","description":"","publisher":{"@id":"https:\/\/panskasiejba.pl\/#organization"},"potentialAction":[{"@type":"SearchAction","target":{"@type":"EntryPoint","urlTemplate":"https:\/\/panskasiejba.pl\/?s={search_term_string}"},"query-input":{"@type":"PropertyValueSpecification","valueRequired":true,"valueName":"search_term_string"}}],"inLanguage":"pl-PL"},{"@type":"Organization","@id":"https:\/\/panskasiejba.pl\/#organization","name":"Pa\u0144ska Siejba","url":"https:\/\/panskasiejba.pl\/","logo":{"@type":"ImageObject","inLanguage":"pl-PL","@id":"https:\/\/panskasiejba.pl\/#\/schema\/logo\/image\/","url":"https:\/\/panskasiejba.pl\/wp-content\/uploads\/2021\/08\/cropped-nowe-logo-pelne-2.png","contentUrl":"https:\/\/panskasiejba.pl\/wp-content\/uploads\/2021\/08\/cropped-nowe-logo-pelne-2.png","width":2023,"height":945,"caption":"Pa\u0144ska Siejba"},"image":{"@id":"https:\/\/panskasiejba.pl\/#\/schema\/logo\/image\/"},"sameAs":["https:\/\/www.facebook.com\/profile.php?id=100063526942329"]},{"@type":"Person","@id":"https:\/\/panskasiejba.pl\/#\/schema\/person\/d251747322296eabfaefdb981bf13cbd","name":"Maciej Czapli\u0144ski","image":{"@type":"ImageObject","inLanguage":"pl-PL","@id":"https:\/\/secure.gravatar.com\/avatar\/06e73d054e765aafc9309a2363f3c30590d0a7ab2881b0d692041602ab2c5c54?s=96&d=mm&r=g","url":"https:\/\/secure.gravatar.com\/avatar\/06e73d054e765aafc9309a2363f3c30590d0a7ab2881b0d692041602ab2c5c54?s=96&d=mm&r=g","contentUrl":"https:\/\/secure.gravatar.com\/avatar\/06e73d054e765aafc9309a2363f3c30590d0a7ab2881b0d692041602ab2c5c54?s=96&d=mm&r=g","caption":"Maciej Czapli\u0144ski"},"sameAs":["http:\/\/serwer2170834.home.pl"],"url":"https:\/\/panskasiejba.pl\/?author=1"}]}},"_links":{"self":[{"href":"https:\/\/panskasiejba.pl\/index.php?rest_route=\/wp\/v2\/posts\/1895","targetHints":{"allow":["GET"]}}],"collection":[{"href":"https:\/\/panskasiejba.pl\/index.php?rest_route=\/wp\/v2\/posts"}],"about":[{"href":"https:\/\/panskasiejba.pl\/index.php?rest_route=\/wp\/v2\/types\/post"}],"author":[{"embeddable":true,"href":"https:\/\/panskasiejba.pl\/index.php?rest_route=\/wp\/v2\/users\/1"}],"replies":[{"embeddable":true,"href":"https:\/\/panskasiejba.pl\/index.php?rest_route=%2Fwp%2Fv2%2Fcomments&post=1895"}],"version-history":[{"count":1,"href":"https:\/\/panskasiejba.pl\/index.php?rest_route=\/wp\/v2\/posts\/1895\/revisions"}],"predecessor-version":[{"id":1897,"href":"https:\/\/panskasiejba.pl\/index.php?rest_route=\/wp\/v2\/posts\/1895\/revisions\/1897"}],"wp:featuredmedia":[{"embeddable":true,"href":"https:\/\/panskasiejba.pl\/index.php?rest_route=\/wp\/v2\/media\/1896"}],"wp:attachment":[{"href":"https:\/\/panskasiejba.pl\/index.php?rest_route=%2Fwp%2Fv2%2Fmedia&parent=1895"}],"wp:term":[{"taxonomy":"category","embeddable":true,"href":"https:\/\/panskasiejba.pl\/index.php?rest_route=%2Fwp%2Fv2%2Fcategories&post=1895"},{"taxonomy":"post_tag","embeddable":true,"href":"https:\/\/panskasiejba.pl\/index.php?rest_route=%2Fwp%2Fv2%2Ftags&post=1895"}],"curies":[{"name":"wp","href":"https:\/\/api.w.org\/{rel}","templated":true}]}}